{"id":7361,"date":"2022-04-07T18:43:00","date_gmt":"2022-04-07T21:43:00","guid":{"rendered":"https:\/\/www.grupocaht.com\/?p=7361"},"modified":"2022-04-11T18:49:50","modified_gmt":"2022-04-11T21:49:50","slug":"7361","status":"publish","type":"post","link":"https:\/\/www.grupocaht.com\/en\/2022\/04\/07\/7361\/","title":{"rendered":""},"content":{"rendered":"<p>Lleg\u00f3 el mes de abril y el &nbsp;17 de abril se conmemora el <u>DIA MUNDIAL DE LA HEMOFILIA<\/u> (DMH) y como todos los a\u00f1os queremos celebrarlo juntos y brindarle su papel protag\u00f3nico de acuerdo a la consigna de la Federaci\u00f3n Mundial de la Hemofilia.<\/p>\n<p>El tema del evento de este a\u00f1o es \u201cAcceso para todos: Alianzas. Pol\u00edticas p\u00fablicas. Progreso.&nbsp;<em>Involucrar a su gobierno, integrar los trastornos de la coagulaci\u00f3n hereditarios en las pol\u00edticas p\u00fablicas nacionales<\/em>\u201d. Al crear conciencia sobre la hemofilia y otros trastornos de la coagulaci\u00f3n hereditarios y llamar la atenci\u00f3n de los legisladores hacia ellos podemos incrementar el acceso sustentable y equitativo a la atenci\u00f3n y el tratamiento.<\/p>\n<p>La propuesta es concientizar, asistir y acompa\u00f1ar a pacientes y familiares que presenten dichas patolog\u00edas, que no solamente queremos visualizar, es hacer presente tambi\u00e9n las dem\u00e1s enfermedades cong\u00e9nitas sangrantes,&nbsp; promover la educaci\u00f3n en todos los \u00e1mbitos sociales acerca de dichas patolog\u00edas y el derecho al tratamiento.<\/p>\n<p>Para ello solicitamos tu participaci\u00f3n en este mes de abril\/2022, envi\u00e1ndonos fotos, actividades y\/o programas realizados con pacientes, videos (con alg\u00fan mensaje corto), etc, al email gruposangradocaht@gmail.com, para hacer visible ese d\u00eda&nbsp; todo el trabajo, esfuerzo y compromiso que desarrollan d\u00eda a d\u00eda.<\/p>\n<p>Solicit\u00e1 a las autoridades de su localidad a iluminar monumentos con el color ROJO el d\u00eda 17\/04.<\/p>\n<p>Tambi\u00e9n debemos hablar con nuestro gobierno en la b\u00fasqueda de pol\u00edticas firmes y nacionales.<\/p>\n<p>Saquen fotos con una remera ROJA y hagamos que la sociedad visualice que estamos unidos, en la Argentina y en el mundo para que las personas tengan una mejor calidad de vida y acceso al tratamiento.<\/p>\n<p>Tu participaci\u00f3n es la gota que logra este gran oc\u00e9ano.<\/p>\n<p>Sin dudas juntos llegaremos m\u00e1s lejos\u2026!<\/p>\n<p>Use los hashtags para mayor visualizaci\u00f3n en las redes sociales: #whd2022 #dmh2022 #grupocaht #tratamientoparatodos #hemofilia \u00a1!!<\/p>\n<p>Con todo el material que nos env\u00eden haremos un VIDEO CONMEMORATIVO como venimos haciendo hace algunos a\u00f1os.<\/p>","protected":false},"excerpt":{"rendered":"<p>17 de abril D\u00eda Mundial de la Hemofilia<\/p>","protected":false},"author":6,"featured_media":7366,"comment_status":"closed","ping_status":"open","sticky":false,"template":"","format":"standard","meta":{"footnotes":""},"categories":[23],"tags":[],"class_list":["post-7361","post","type-post","status-publish","format-standard","has-post-thumbnail","hentry","category-sangrado"],"_links":{"self":[{"href":"https:\/\/www.grupocaht.com\/en\/wp-json\/wp\/v2\/posts\/7361","targetHints":{"allow":["GET"]}}],"collection":[{"href":"https:\/\/www.grupocaht.com\/en\/wp-json\/wp\/v2\/posts"}],"about":[{"href":"https:\/\/www.grupocaht.com\/en\/wp-json\/wp\/v2\/types\/post"}],"author":[{"embeddable":true,"href":"https:\/\/www.grupocaht.com\/en\/wp-json\/wp\/v2\/users\/6"}],"replies":[{"embeddable":true,"href":"https:\/\/www.grupocaht.com\/en\/wp-json\/wp\/v2\/comments?post=7361"}],"version-history":[{"count":2,"href":"https:\/\/www.grupocaht.com\/en\/wp-json\/wp\/v2\/posts\/7361\/revisions"}],"predecessor-version":[{"id":7367,"href":"https:\/\/www.grupocaht.com\/en\/wp-json\/wp\/v2\/posts\/7361\/revisions\/7367"}],"wp:featuredmedia":[{"embeddable":true,"href":"https:\/\/www.grupocaht.com\/en\/wp-json\/wp\/v2\/media\/7366"}],"wp:attachment":[{"href":"https:\/\/www.grupocaht.com\/en\/wp-json\/wp\/v2\/media?parent=7361"}],"wp:term":[{"taxonomy":"category","embeddable":true,"href":"https:\/\/www.grupocaht.com\/en\/wp-json\/wp\/v2\/categories?post=7361"},{"taxonomy":"post_tag","embeddable":true,"href":"https:\/\/www.grupocaht.com\/en\/wp-json\/wp\/v2\/tags?post=7361"}],"curies":[{"name":"wp","href":"https:\/\/api.w.org\/{rel}","templated":true}]}}