{"id":4264,"date":"2020-11-30T12:00:00","date_gmt":"2020-11-30T15:00:00","guid":{"rendered":"http:\/\/www.grupocaht.com\/?p=4264"},"modified":"2021-05-07T10:37:23","modified_gmt":"2021-05-07T13:37:23","slug":"7o-reunion-cientifica-actualizacion-de-pautas-de-laboratorio-y-guias-diagnosticas-en-saf-y-enfermedad-de-von-willebrand","status":"publish","type":"post","link":"https:\/\/www.grupocaht.com\/en\/2020\/11\/30\/7o-reunion-cientifica-actualizacion-de-pautas-de-laboratorio-y-guias-diagnosticas-en-saf-y-enfermedad-de-von-willebrand\/","title":{"rendered":"7\u00ba Reuni\u00f3n Cient\u00edfica: Actualizaci\u00f3n de Pautas de Laboratorio y Gu\u00edas Diagn\u00f3sticas en SAF y Enfermedad de Von Willebrand"},"content":{"rendered":"<p><img loading=\"lazy\" decoding=\"async\" class=\"alignnone wp-image-4301\" src=\"http:\/\/www.grupocaht.com\/wp-content\/uploads\/2020\/10\/Flyer-7-Reunion-cientifica-2020.png\" alt=\"\" width=\"800\" height=\"1115\" srcset=\"https:\/\/www.grupocaht.com\/wp-content\/uploads\/2020\/10\/Flyer-7-Reunion-cientifica-2020.png 2979w, https:\/\/www.grupocaht.com\/wp-content\/uploads\/2020\/10\/Flyer-7-Reunion-cientifica-2020-215x300.png 215w, https:\/\/www.grupocaht.com\/wp-content\/uploads\/2020\/10\/Flyer-7-Reunion-cientifica-2020-735x1024.png 735w, https:\/\/www.grupocaht.com\/wp-content\/uploads\/2020\/10\/Flyer-7-Reunion-cientifica-2020-768x1070.png 768w, https:\/\/www.grupocaht.com\/wp-content\/uploads\/2020\/10\/Flyer-7-Reunion-cientifica-2020-1102x1536.png 1102w, https:\/\/www.grupocaht.com\/wp-content\/uploads\/2020\/10\/Flyer-7-Reunion-cientifica-2020-1469x2048.png 1469w, https:\/\/www.grupocaht.com\/wp-content\/uploads\/2020\/10\/Flyer-7-Reunion-cientifica-2020-9x12.png 9w\" sizes=\"auto, (max-width: 800px) 100vw, 800px\" \/><\/p>\n<p>Para ver los videos haga click aqu\u00ed:<\/p>\n\n<div\n\t\t\t\n\t\t\tclass=\"so-widget-sow-editor so-widget-sow-editor-base\"\n\t\t\t\n\t\t>\n<div class=\"siteorigin-widget-tinymce textwidget\">\n\t<p>Actualizaci\u00f3n de pautas de laboratorio y Gu\u00edas diagn\u00f3sticas en SAF y enfermedad de von Willebrand.<\/p>\n<p>Parte A: Anticuerpos Antifosfol\u00edpidos.<\/p>\n<p><a href=\"https:\/\/youtu.be\/lyClKTcz7s4\" target=\"_blank\" rel=\"noopener\"><span style=\"color: #003366\">Actualizaci\u00f3n de las pautas para la evaluaci\u00f3n de anticuerpos en fase s\u00f3lida. <\/span><strong><i><span style=\"color: #003366;text-decoration: none\">Ricardo Forastiero<\/span><\/i><\/strong><strong><i><span style=\"text-decoration: none\">.<\/span><\/i><\/strong> Ver Video<\/a><\/p>\n<p><a href=\"https:\/\/youtu.be\/G013_wUvpDg\" target=\"_blank\" rel=\"noopener\"><span style=\"color: #003366\">Guidelines SSC ISTH &#8211; Lupus anticoagulant. <em><b>Marta Martinuzzo.<\/b><\/em><\/span> Ver Video<\/a><\/p>\n<p><a href=\"https:\/\/youtu.be\/X7SXihPwCeo\" target=\"_blank\" rel=\"noopener\"><em><span style=\"color: #003366\">Preguntas.<\/span><\/em> Ver Video<\/a><\/p>\n<p>Parte B: Enfermedad de von Willebrand.<\/p>\n<p><a href=\"https:\/\/youtu.be\/ahUeuGZSjPU\" target=\"_blank\" rel=\"noopener\"><span style=\"color: #003366\">Actualizaci\u00f3n de pautas de laboratorio y Gu\u00edas diagn\u00f3sticas en SAF y enfermedad de von Willebrand. Aspectos de Laboratorio. <em><b>Juan Pablo Frontroth. <\/b><\/em><\/span>Ver Video<\/a><\/p>\n<p><a href=\"https:\/\/youtu.be\/HwpsmzOQ6NM\" target=\"_blank\" rel=\"noopener\"><span style=\"color: #003366\">Actualizaci\u00f3n de pautas de laboratorio y Gu\u00edas diagn\u00f3sticas en SAF y enfermedad de von Willebrand. Aspectos cl\u00ednicos. <em><b>Anal\u00eda S\u00e1nchez Luceros.<\/b><\/em><\/span> Ver Video<\/a><\/p>\n<p><a href=\"https:\/\/youtu.be\/E018_-eWqGQ\" target=\"_blank\" rel=\"noopener\"><em><span style=\"color: #003366\">Preguntas.<\/span> <\/em>Ver Video<\/a><\/p>\n<\/div>\n<\/div>","protected":false},"excerpt":{"rendered":"<p>Para ver los videos haga click aqu\u00ed:<\/p>","protected":false},"author":6,"featured_media":4301,"comment_status":"closed","ping_status":"open","sticky":false,"template":"","format":"standard","meta":{"footnotes":""},"categories":[16],"tags":[],"class_list":["post-4264","post","type-post","status-publish","format-standard","has-post-thumbnail","hentry","category-reuniones-cientificas-caht"],"_links":{"self":[{"href":"https:\/\/www.grupocaht.com\/en\/wp-json\/wp\/v2\/posts\/4264","targetHints":{"allow":["GET"]}}],"collection":[{"href":"https:\/\/www.grupocaht.com\/en\/wp-json\/wp\/v2\/posts"}],"about":[{"href":"https:\/\/www.grupocaht.com\/en\/wp-json\/wp\/v2\/types\/post"}],"author":[{"embeddable":true,"href":"https:\/\/www.grupocaht.com\/en\/wp-json\/wp\/v2\/users\/6"}],"replies":[{"embeddable":true,"href":"https:\/\/www.grupocaht.com\/en\/wp-json\/wp\/v2\/comments?post=4264"}],"version-history":[{"count":16,"href":"https:\/\/www.grupocaht.com\/en\/wp-json\/wp\/v2\/posts\/4264\/revisions"}],"predecessor-version":[{"id":4682,"href":"https:\/\/www.grupocaht.com\/en\/wp-json\/wp\/v2\/posts\/4264\/revisions\/4682"}],"wp:featuredmedia":[{"embeddable":true,"href":"https:\/\/www.grupocaht.com\/en\/wp-json\/wp\/v2\/media\/4301"}],"wp:attachment":[{"href":"https:\/\/www.grupocaht.com\/en\/wp-json\/wp\/v2\/media?parent=4264"}],"wp:term":[{"taxonomy":"category","embeddable":true,"href":"https:\/\/www.grupocaht.com\/en\/wp-json\/wp\/v2\/categories?post=4264"},{"taxonomy":"post_tag","embeddable":true,"href":"https:\/\/www.grupocaht.com\/en\/wp-json\/wp\/v2\/tags?post=4264"}],"curies":[{"name":"wp","href":"https:\/\/api.w.org\/{rel}","templated":true}]}}