{"id":2477,"date":"2020-04-17T14:26:05","date_gmt":"2020-04-17T17:26:05","guid":{"rendered":"http:\/\/www.grupocaht.com\/?p=2477"},"modified":"2020-04-21T12:32:04","modified_gmt":"2020-04-21T15:32:04","slug":"grupo-de-trabajo-sangrado","status":"publish","type":"post","link":"https:\/\/www.grupocaht.com\/en\/2020\/04\/17\/grupo-de-trabajo-sangrado\/","title":{"rendered":"D\u00eda Mundial de la Hemofilia"},"content":{"rendered":"<div>Desde el Grupo CAHT no quer\u00edamos dejar pasar una fecha importante como es el d\u00eda de hoy. El 17 de abril de cada a\u00f1o se celebra en todo el mundo el&nbsp;<strong>D\u00eda Mundial de la Hemofilia<\/strong>, una fecha proclamada por la&nbsp;Federaci\u00f3n Mundial de la Hemofilia (FMH),&nbsp;en conmemoraci\u00f3n del nacimiento de su fundador Frank Schnabel.<\/p>\n<p>El objetivo de este&nbsp;<strong>d\u00eda<\/strong>&nbsp;es concientizar a la poblaci\u00f3n sobre la enfermedad y lograr compartir conocimientos e investigaciones&nbsp;para mejorar la calidad de vida de los pacientes con esta enfermedad.<\/p>\n<\/div>\n<div><a href=\"https:\/\/www.wfh.org\/es\/eventos\/dia-mundial-de-la-hemofilia\" target=\"_blank\" rel=\"noopener noreferrer\"><img loading=\"lazy\" decoding=\"async\" src=\"https:\/\/mcusercontent.com\/b704b388d44aa170ad81004fe\/images\/c60be5e0-e269-49eb-98af-8798ee3c06d4.jpg\" width=\"450\" height=\"303\" data-file-id=\"1636806\"><\/a><\/div>\n<div>\nA\u00fan es necesario lograr un mayor diagn\u00f3stico de la enfermedad y que m\u00e1s personas con Hemofilia accedan al tratamiento, por eso \u201cParticipa +\u201d es un llamado a toda la comunidad para ayudar a incrementar la conciencia sobre los trastornos de la coagulaci\u00f3n hereditarios y la necesidad de hacer posible el acceso a la atenci\u00f3n adecuada en todos los lugares del mundo.&nbsp;Constituye un llamado a la acci\u00f3n para que todos ayudemos a promover a escala local y nacional un &#8220;tratamiento para todos&#8221;.<\/div>\n<div>A continuaci\u00f3n podr\u00e1 acceder al&nbsp;v\u00eddeo institucional que preparamos para esta conmemoraci\u00f3n, haciendo click sobre la im\u00e1gen<\/div>\n<div><a href=\"https:\/\/www.youtube.com\/watch?v=oigM7as40yk\" target=\"_blank\" rel=\"noopener noreferrer\"><img loading=\"lazy\" decoding=\"async\" src=\"https:\/\/mcusercontent.com\/b704b388d44aa170ad81004fe\/images\/630d70c4-d431-411d-b654-2d384d8f2fcc.jpg\" width=\"400\" height=\"208\" data-file-id=\"1636786\"><\/a><\/div>","protected":false},"excerpt":{"rendered":"<p>Desde el Grupo CAHT no quer\u00edamos dejar pasar una fecha importante como es el d\u00eda de hoy. El 17 de abril de cada a\u00f1o se celebra en todo el mundo el&nbsp;D\u00eda Mundial de la Hemofilia, una fecha proclamada por la&nbsp;Federaci\u00f3n Mundial de la Hemofilia (FMH),&nbsp;en conmemoraci\u00f3n del nacimiento de su fundador Frank Schnabel. El objetivo [&hellip;]<\/p>\n","protected":false},"author":6,"featured_media":0,"comment_status":"closed","ping_status":"closed","sticky":false,"template":"","format":"standard","meta":{"footnotes":""},"categories":[23],"tags":[],"class_list":["post-2477","post","type-post","status-publish","format-standard","hentry","category-sangrado"],"_links":{"self":[{"href":"https:\/\/www.grupocaht.com\/en\/wp-json\/wp\/v2\/posts\/2477","targetHints":{"allow":["GET"]}}],"collection":[{"href":"https:\/\/www.grupocaht.com\/en\/wp-json\/wp\/v2\/posts"}],"about":[{"href":"https:\/\/www.grupocaht.com\/en\/wp-json\/wp\/v2\/types\/post"}],"author":[{"embeddable":true,"href":"https:\/\/www.grupocaht.com\/en\/wp-json\/wp\/v2\/users\/6"}],"replies":[{"embeddable":true,"href":"https:\/\/www.grupocaht.com\/en\/wp-json\/wp\/v2\/comments?post=2477"}],"version-history":[{"count":3,"href":"https:\/\/www.grupocaht.com\/en\/wp-json\/wp\/v2\/posts\/2477\/revisions"}],"predecessor-version":[{"id":4595,"href":"https:\/\/www.grupocaht.com\/en\/wp-json\/wp\/v2\/posts\/2477\/revisions\/4595"}],"wp:attachment":[{"href":"https:\/\/www.grupocaht.com\/en\/wp-json\/wp\/v2\/media?parent=2477"}],"wp:term":[{"taxonomy":"category","embeddable":true,"href":"https:\/\/www.grupocaht.com\/en\/wp-json\/wp\/v2\/categories?post=2477"},{"taxonomy":"post_tag","embeddable":true,"href":"https:\/\/www.grupocaht.com\/en\/wp-json\/wp\/v2\/tags?post=2477"}],"curies":[{"name":"wp","href":"https:\/\/api.w.org\/{rel}","templated":true}]}}