{"id":1612,"date":"2019-09-27T14:22:15","date_gmt":"2019-09-27T17:22:15","guid":{"rendered":"http:\/\/www.grupocaht.com\/?p=1612"},"modified":"2020-09-17T15:43:54","modified_gmt":"2020-09-17T18:43:54","slug":"webinar","status":"publish","type":"post","link":"https:\/\/www.grupocaht.com\/en\/2019\/09\/27\/webinar\/","title":{"rendered":"Webinar: 11 de octubre 2019 &#8211; 14hs. (UTC-03)                                               ."},"content":{"rendered":"<p><img loading=\"lazy\" decoding=\"async\" class=\"alignnone wp-image-1662\" src=\"http:\/\/www.grupocaht.com\/wp-content\/uploads\/2019\/09\/Slide-Webinar-150-dpi.jpg\" alt=\"\" width=\"800\" height=\"598\" srcset=\"https:\/\/www.grupocaht.com\/wp-content\/uploads\/2019\/09\/Slide-Webinar-150-dpi.jpg 1499w, https:\/\/www.grupocaht.com\/wp-content\/uploads\/2019\/09\/Slide-Webinar-150-dpi-300x224.jpg 300w, https:\/\/www.grupocaht.com\/wp-content\/uploads\/2019\/09\/Slide-Webinar-150-dpi-768x574.jpg 768w, https:\/\/www.grupocaht.com\/wp-content\/uploads\/2019\/09\/Slide-Webinar-150-dpi-1024x765.jpg 1024w\" sizes=\"auto, (max-width: 800px) 100vw, 800px\" \/><\/p>\n<p>Esta conferencia trata sobre dos patolog\u00edas estrechamente relacionadas. La Trombosis marca el pron\u00f3stico del tumor y lo afecta en m\u00faltiples aspectos, condicionando su tratamiento y su morbimortalidad. Y se comporta como una entidad diferente a la cl\u00e1sica Trombosis Venosa con mayor reca\u00edda tromb\u00f3tica, pero tambi\u00e9n con m\u00e1s sangrado en la anticoagulaci\u00f3n.<\/p>\n<p>Ahora que el c\u00e1ncer se ha convertido en una entidad cr\u00f3nica, la enfermedad tromboemb\u00f3lica venosa se ha posicionado como un acertijo de dificil soluci\u00f3n. Y muchos onc\u00f3logos a\u00fan no han percibido la gravedad de este problema.<\/p>\n<p>Hoy, en el D\u00eda Mundial de la Trombosis, queremos resaltar algunas novedades sobre la prevenci\u00f3n y el tratamiento anticoagulante de esta compleja asociaci\u00f3n.<\/p>\n<p><a href=\"https:\/\/youtu.be\/UE-Belmk8QU\" target=\"_blank\" rel=\"noopener noreferrer\">Trombosis y C\u00e1ncer. \u00bfQu\u00e9 sabemos y que lecciones estamos aprendiendo?. Ver Video<\/a><\/p>","protected":false},"excerpt":{"rendered":"<p>Esta conferencia trata sobre dos patolog\u00edas estrechamente relacionadas. La Trombosis marca el pron\u00f3stico del tumor y lo afecta en m\u00faltiples aspectos, condicionando su tratamiento y su morbimortalidad. Y se comporta como una entidad diferente a la cl\u00e1sica Trombosis Venosa con mayor reca\u00edda tromb\u00f3tica, pero tambi\u00e9n con m\u00e1s sangrado en la anticoagulaci\u00f3n. Ahora que el c\u00e1ncer [&hellip;]<\/p>\n","protected":false},"author":6,"featured_media":0,"comment_status":"closed","ping_status":"open","sticky":false,"template":"","format":"standard","meta":{"footnotes":""},"categories":[10],"tags":[],"class_list":["post-1612","post","type-post","status-publish","format-standard","hentry","category-dia-mundial-de-la-trombosis"],"_links":{"self":[{"href":"https:\/\/www.grupocaht.com\/en\/wp-json\/wp\/v2\/posts\/1612","targetHints":{"allow":["GET"]}}],"collection":[{"href":"https:\/\/www.grupocaht.com\/en\/wp-json\/wp\/v2\/posts"}],"about":[{"href":"https:\/\/www.grupocaht.com\/en\/wp-json\/wp\/v2\/types\/post"}],"author":[{"embeddable":true,"href":"https:\/\/www.grupocaht.com\/en\/wp-json\/wp\/v2\/users\/6"}],"replies":[{"embeddable":true,"href":"https:\/\/www.grupocaht.com\/en\/wp-json\/wp\/v2\/comments?post=1612"}],"version-history":[{"count":20,"href":"https:\/\/www.grupocaht.com\/en\/wp-json\/wp\/v2\/posts\/1612\/revisions"}],"predecessor-version":[{"id":3890,"href":"https:\/\/www.grupocaht.com\/en\/wp-json\/wp\/v2\/posts\/1612\/revisions\/3890"}],"wp:attachment":[{"href":"https:\/\/www.grupocaht.com\/en\/wp-json\/wp\/v2\/media?parent=1612"}],"wp:term":[{"taxonomy":"category","embeddable":true,"href":"https:\/\/www.grupocaht.com\/en\/wp-json\/wp\/v2\/categories?post=1612"},{"taxonomy":"post_tag","embeddable":true,"href":"https:\/\/www.grupocaht.com\/en\/wp-json\/wp\/v2\/tags?post=1612"}],"curies":[{"name":"wp","href":"https:\/\/api.w.org\/{rel}","templated":true}]}}