{"id":11077,"date":"2025-10-07T12:11:58","date_gmt":"2025-10-07T15:11:58","guid":{"rendered":"https:\/\/www.grupocaht.com\/?p=11077"},"modified":"2025-10-13T22:48:45","modified_gmt":"2025-10-14T01:48:45","slug":"dia-mundial-de-la-trombosis-2","status":"publish","type":"post","link":"https:\/\/www.grupocaht.com\/en\/2025\/10\/07\/dia-mundial-de-la-trombosis-2\/","title":{"rendered":"D\u00eda Mundial de la Trombosis"},"content":{"rendered":"<p><img loading=\"lazy\" decoding=\"async\" class=\"alignnone size-full wp-image-11078\" src=\"https:\/\/www.grupocaht.com\/wp-content\/uploads\/2025\/10\/Testimonios-12-2025-Presentacion-scaled.jpg\" alt=\"\" width=\"2019\" height=\"2560\" srcset=\"https:\/\/www.grupocaht.com\/wp-content\/uploads\/2025\/10\/Testimonios-12-2025-Presentacion-scaled.jpg 2019w, https:\/\/www.grupocaht.com\/wp-content\/uploads\/2025\/10\/Testimonios-12-2025-Presentacion-237x300.jpg 237w, https:\/\/www.grupocaht.com\/wp-content\/uploads\/2025\/10\/Testimonios-12-2025-Presentacion-808x1024.jpg 808w, https:\/\/www.grupocaht.com\/wp-content\/uploads\/2025\/10\/Testimonios-12-2025-Presentacion-768x974.jpg 768w, https:\/\/www.grupocaht.com\/wp-content\/uploads\/2025\/10\/Testimonios-12-2025-Presentacion-1211x1536.jpg 1211w, https:\/\/www.grupocaht.com\/wp-content\/uploads\/2025\/10\/Testimonios-12-2025-Presentacion-1615x2048.jpg 1615w, https:\/\/www.grupocaht.com\/wp-content\/uploads\/2025\/10\/Testimonios-12-2025-Presentacion-9x12.jpg 9w\" sizes=\"auto, (max-width: 2019px) 100vw, 2019px\" \/><\/p>","protected":false},"excerpt":{"rendered":"<p>El 13 de Octubre es el D\u00eda Mundial de la Trombosis. Desde el Grupo CAHT, tenemos un grupo de trabajo dedicado que trabaja durante todo el a\u00f1o y nos invita a sumarnos a la campa\u00f1a global.<\/p>","protected":false},"author":6,"featured_media":11078,"comment_status":"closed","ping_status":"closed","sticky":false,"template":"","format":"standard","meta":{"footnotes":""},"categories":[43],"tags":[],"class_list":["post-11077","post","type-post","status-publish","format-standard","has-post-thumbnail","hentry","category-trombosis-en-primera-persona"],"_links":{"self":[{"href":"https:\/\/www.grupocaht.com\/en\/wp-json\/wp\/v2\/posts\/11077","targetHints":{"allow":["GET"]}}],"collection":[{"href":"https:\/\/www.grupocaht.com\/en\/wp-json\/wp\/v2\/posts"}],"about":[{"href":"https:\/\/www.grupocaht.com\/en\/wp-json\/wp\/v2\/types\/post"}],"author":[{"embeddable":true,"href":"https:\/\/www.grupocaht.com\/en\/wp-json\/wp\/v2\/users\/6"}],"replies":[{"embeddable":true,"href":"https:\/\/www.grupocaht.com\/en\/wp-json\/wp\/v2\/comments?post=11077"}],"version-history":[{"count":1,"href":"https:\/\/www.grupocaht.com\/en\/wp-json\/wp\/v2\/posts\/11077\/revisions"}],"predecessor-version":[{"id":11079,"href":"https:\/\/www.grupocaht.com\/en\/wp-json\/wp\/v2\/posts\/11077\/revisions\/11079"}],"wp:featuredmedia":[{"embeddable":true,"href":"https:\/\/www.grupocaht.com\/en\/wp-json\/wp\/v2\/media\/11078"}],"wp:attachment":[{"href":"https:\/\/www.grupocaht.com\/en\/wp-json\/wp\/v2\/media?parent=11077"}],"wp:term":[{"taxonomy":"category","embeddable":true,"href":"https:\/\/www.grupocaht.com\/en\/wp-json\/wp\/v2\/categories?post=11077"},{"taxonomy":"post_tag","embeddable":true,"href":"https:\/\/www.grupocaht.com\/en\/wp-json\/wp\/v2\/tags?post=11077"}],"curies":[{"name":"wp","href":"https:\/\/api.w.org\/{rel}","templated":true}]}}